{"id":7027,"date":"2026-08-14T07:02:25","date_gmt":"2026-08-14T05:02:25","guid":{"rendered":"https:\/\/www.kadetten-burgdorf.ch\/website\/?p=7027"},"modified":"2026-08-14T07:02:27","modified_gmt":"2026-08-14T05:02:27","slug":"abkochen-an-den-kadettentagen","status":"publish","type":"post","link":"https:\/\/www.kadetten-burgdorf.ch\/website\/?p=7027","title":{"rendered":"Abkochen an den Kadettentagen"},"content":{"rendered":"\n<p class=\"wp-block-paragraph\">Schon bald fahren wir nach Murten an die Kadettentage.<\/p>\n\n\n\n<p class=\"wp-block-paragraph\">Neben den Marschproben und den Leichtathletik-Trainings wollen wir uns auch auf den Abkoch-Wettkampf vorbereiten. Alle Kadettinnen und Kadetten, welche sich am Sonntagmorgen f\u00fcr das Abkochen angemeldet haben, haben die M\u00f6glichkeit, das Kochen \u00fcber dem Feuer an diesen drei Vormittagen zu \u00fcben. Der Besuch von mindestens einem Training ist obligatorisch:<\/p>\n\n\n\n<ul class=\"wp-block-list\">\n<li>Sa, 15.08.2026, 10.00 \u2013 13.45 Uhr<\/li>\n\n\n\n<li>Sa, 22.08.2026, 10.00 \u2013 13.45 Uhr<\/li>\n\n\n\n<li>So, 06.09.2026, 10.00 \u2013 13.45 Uhr<\/li>\n<\/ul>\n\n\n\n<p class=\"wp-block-paragraph\">Weitere Infos finden Sie im folgenden Schreiben.<\/p>\n\n\n<style>.wp-block-kadence-iconlist.kt-svg-icon-list-items7027_1ece44-94:not(.this-stops-third-party-issues){margin-top:0px;margin-bottom:0px;}.wp-block-kadence-iconlist.kt-svg-icon-list-items7027_1ece44-94 ul.kt-svg-icon-list:not(.this-prevents-issues):not(.this-stops-third-party-issues):not(.tijsloc){margin-top:0px;margin-right:0px;margin-bottom:var(--global-kb-spacing-sm, 1.5rem);margin-left:0px;}.wp-block-kadence-iconlist.kt-svg-icon-list-items7027_1ece44-94 ul.kt-svg-icon-list{grid-row-gap:5px;}.wp-block-kadence-iconlist.kt-svg-icon-list-items7027_1ece44-94 ul.kt-svg-icon-list .kt-svg-icon-list-item-wrap .kt-svg-icon-list-single{margin-right:10px;}.kt-svg-icon-list-items7027_1ece44-94 ul.kt-svg-icon-list .kt-svg-icon-list-level-0 .kt-svg-icon-list-single svg{font-size:20px;}<\/style>\n<div class=\"wp-block-kadence-iconlist kt-svg-icon-list-items kt-svg-icon-list-items7027_1ece44-94 kt-svg-icon-list-columns-1 alignnone\"><ul class=\"kt-svg-icon-list\"><style>.kt-svg-icon-list-item-7027_15ac3a-3c .kt-svg-icon-list-text mark.kt-highlight{background-color:unset;font-style:normal;color:#f76a0c;-webkit-box-decoration-break:clone;box-decoration-break:clone;padding-top:0px;padding-right:0px;padding-bottom:0px;padding-left:0px;}<\/style>\n<li class=\"wp-block-kadence-listitem kt-svg-icon-list-item-wrap kt-svg-icon-list-item-7027_15ac3a-3c\"><span class=\"kb-svg-icon-wrap kb-svg-icon-fas_file-pdf kt-svg-icon-list-single\"><svg viewBox=\"0 0 384 512\"  fill=\"currentColor\" xmlns=\"http:\/\/www.w3.org\/2000\/svg\"  aria-hidden=\"true\"><path d=\"M181.9 256.1c-5-16-4.9-46.9-2-46.9 8.4 0 7.6 36.9 2 46.9zm-1.7 47.2c-7.7 20.2-17.3 43.3-28.4 62.7 18.3-7 39-17.2 62.9-21.9-12.7-9.6-24.9-23.4-34.5-40.8zM86.1 428.1c0 .8 13.2-5.4 34.9-40.2-6.7 6.3-29.1 24.5-34.9 40.2zM248 160h136v328c0 13.3-10.7 24-24 24H24c-13.3 0-24-10.7-24-24V24C0 10.7 10.7 0 24 0h200v136c0 13.2 10.8 24 24 24zm-8 171.8c-20-12.2-33.3-29-42.7-53.8 4.5-18.5 11.6-46.6 6.2-64.2-4.7-29.4-42.4-26.5-47.8-6.8-5 18.3-.4 44.1 8.1 77-11.6 27.6-28.7 64.6-40.8 85.8-.1 0-.1.1-.2.1-27.1 13.9-73.6 44.5-54.5 68 5.6 6.9 16 10 21.5 10 17.9 0 35.7-18 61.1-61.8 25.8-8.5 54.1-19.1 79-23.2 21.7 11.8 47.1 19.5 64 19.5 29.2 0 31.2-32 19.7-43.4-13.9-13.6-54.3-9.7-73.6-7.2zM377 105L279 7c-4.5-4.5-10.6-7-17-7h-6v128h128v-6.1c0-6.3-2.5-12.4-7-16.9zm-74.1 255.3c4.1-2.7-2.5-11.9-42.8-9 37.1 15.8 42.8 9 42.8 9z\"\/><\/svg><\/span><span class=\"kt-svg-icon-list-text\"><a href=\"https:\/\/www.kadetten-burgdorf.ch\/dokumentenablage\/events\/kad_abkochtraining_2026.pdf\" target=\"_blank\" rel=\"noreferrer noopener\">2026 Begleitbrief Abkochen<\/a><\/span><\/li>\n<\/ul><\/div>\n\n\n\n<p class=\"wp-block-paragraph\"><\/p>\n","protected":false},"excerpt":{"rendered":"<p>Schon bald fahren wir nach Murten an die Kadettentage. Neben den Marschproben und den Leichtathletik-Trainings wollen wir uns auch auf &#8230; <\/p>\n<p class=\"read-more-container\"><a title=\"Abkochen an den Kadettentagen\" class=\"read-more button\" href=\"https:\/\/www.kadetten-burgdorf.ch\/website\/?p=7027#more-7027\" aria-label=\"Mehr Informationen \u00fcber Abkochen an den Kadettentagen\">WEITERLESEN<\/a><\/p>\n","protected":false},"author":12,"featured_media":7028,"comment_status":"closed","ping_status":"closed","sticky":false,"template":"","format":"standard","meta":{"generate_page_header":"","_jetpack_newsletter_access":"","_jetpack_dont_email_post_to_subs":false,"_jetpack_newsletter_tier_id":0,"_jetpack_memberships_contains_paywalled_content":false,"_jetpack_feature_clip_id":0,"_jetpack_memberships_contains_paid_content":false,"footnotes":"","jetpack_post_was_ever_published":false},"categories":[76,75],"tags":[],"class_list":["post-7027","post","type-post","status-publish","format-standard","has-post-thumbnail","hentry","category-news","category-top-news","masonry-post","generate-columns","tablet-grid-50","mobile-grid-100","grid-parent","grid-50","no-featured-image-padding"],"jetpack_shortlink":"https:\/\/wp.me\/p2pfNG-1Pl","jetpack_sharing_enabled":true,"jetpack_featured_media_url":"https:\/\/www.kadetten-burgdorf.ch\/website\/wp-content\/uploads\/Abkochen-1200x2133-1.jpg","_links":{"self":[{"href":"https:\/\/www.kadetten-burgdorf.ch\/website\/index.php?rest_route=\/wp\/v2\/posts\/7027","targetHints":{"allow":["GET"]}}],"collection":[{"href":"https:\/\/www.kadetten-burgdorf.ch\/website\/index.php?rest_route=\/wp\/v2\/posts"}],"about":[{"href":"https:\/\/www.kadetten-burgdorf.ch\/website\/index.php?rest_route=\/wp\/v2\/types\/post"}],"author":[{"embeddable":true,"href":"https:\/\/www.kadetten-burgdorf.ch\/website\/index.php?rest_route=\/wp\/v2\/users\/12"}],"replies":[{"embeddable":true,"href":"https:\/\/www.kadetten-burgdorf.ch\/website\/index.php?rest_route=%2Fwp%2Fv2%2Fcomments&post=7027"}],"version-history":[{"count":1,"href":"https:\/\/www.kadetten-burgdorf.ch\/website\/index.php?rest_route=\/wp\/v2\/posts\/7027\/revisions"}],"predecessor-version":[{"id":7029,"href":"https:\/\/www.kadetten-burgdorf.ch\/website\/index.php?rest_route=\/wp\/v2\/posts\/7027\/revisions\/7029"}],"wp:featuredmedia":[{"embeddable":true,"href":"https:\/\/www.kadetten-burgdorf.ch\/website\/index.php?rest_route=\/wp\/v2\/media\/7028"}],"wp:attachment":[{"href":"https:\/\/www.kadetten-burgdorf.ch\/website\/index.php?rest_route=%2Fwp%2Fv2%2Fmedia&parent=7027"}],"wp:term":[{"taxonomy":"category","embeddable":true,"href":"https:\/\/www.kadetten-burgdorf.ch\/website\/index.php?rest_route=%2Fwp%2Fv2%2Fcategories&post=7027"},{"taxonomy":"post_tag","embeddable":true,"href":"https:\/\/www.kadetten-burgdorf.ch\/website\/index.php?rest_route=%2Fwp%2Fv2%2Ftags&post=7027"}],"curies":[{"name":"wp","href":"https:\/\/api.w.org\/{rel}","templated":true}]}}