{"id":3232,"date":"2026-07-24T09:30:33","date_gmt":"2026-07-24T07:30:33","guid":{"rendered":"https:\/\/www.kadetten-burgdorf.ch\/website\/?p=3232"},"modified":"2026-07-24T09:30:35","modified_gmt":"2026-07-24T07:30:35","slug":"zapfenstreich-infos","status":"publish","type":"post","link":"https:\/\/www.kadetten-burgdorf.ch\/website\/?p=3232","title":{"rendered":"Sol\u00e4tte 2026"},"content":{"rendered":"\n<p class=\"wp-block-paragraph\">Wieder einmal zeigte sich das Wetter beim Enteli-Rennen, am Zapfenstreich und an der Sol\u00e4tte von seiner besten Seite. Nur w\u00e4hrend der Tagwache mussten wir uns zeitweise einen Unterstand suchen, um einen Regenschauer abzuwarten.Es hat uns sehr gefreut, dass auch dieses Jahr so viele Ehemalige den Zapfenstreich mit uns bestritten haben und der Abendumzug mit dem Milit\u00e4rspiel war ein unvergessliches Erlebnis.<br>Dem abtretenden Kader danken wir f\u00fcr die geleistete Arbeit und dem neuen Kader w\u00fcnschen wir ein unvergessliches Kaderjahr.<\/p>\n\n\n\n<p class=\"wp-block-paragraph\"><\/p>\n\n\n<style>.wp-block-kadence-iconlist.kt-svg-icon-list-items3232_bb8c80-a8:not(.this-stops-third-party-issues){margin-top:0px;margin-bottom:0px;}.wp-block-kadence-iconlist.kt-svg-icon-list-items3232_bb8c80-a8 ul.kt-svg-icon-list:not(.this-prevents-issues):not(.this-stops-third-party-issues):not(.tijsloc){margin-top:0px;margin-right:0px;margin-bottom:var(--global-kb-spacing-sm, 1.5rem);margin-left:0px;}.wp-block-kadence-iconlist.kt-svg-icon-list-items3232_bb8c80-a8 ul.kt-svg-icon-list{grid-row-gap:5px;}.wp-block-kadence-iconlist.kt-svg-icon-list-items3232_bb8c80-a8 ul.kt-svg-icon-list .kt-svg-icon-list-item-wrap .kt-svg-icon-list-single{margin-right:10px;}.kt-svg-icon-list-items3232_bb8c80-a8 ul.kt-svg-icon-list .kt-svg-icon-list-level-0 .kt-svg-icon-list-single svg{font-size:20px;}<\/style>\n<div class=\"wp-block-kadence-iconlist kt-svg-icon-list-items kt-svg-icon-list-items3232_bb8c80-a8 kt-svg-icon-list-columns-1 alignnone\"><ul class=\"kt-svg-icon-list\"><style>.kt-svg-icon-list-item-3232_ded9bc-30 .kt-svg-icon-list-text mark.kt-highlight{background-color:unset;font-style:normal;color:#f76a0c;-webkit-box-decoration-break:clone;box-decoration-break:clone;padding-top:0px;padding-right:0px;padding-bottom:0px;padding-left:0px;}<\/style>\n<li class=\"wp-block-kadence-listitem kt-svg-icon-list-item-wrap kt-svg-icon-list-item-3232_ded9bc-30\"><span class=\"kb-svg-icon-wrap kb-svg-icon-fe_image kt-svg-icon-list-single\"><svg viewBox=\"0 0 24 24\"  fill=\"none\" stroke=\"currentColor\" stroke-width=\"2\" stroke-linecap=\"round\" stroke-linejoin=\"round\" xmlns=\"http:\/\/www.w3.org\/2000\/svg\"  aria-hidden=\"true\"><rect x=\"3\" y=\"3\" width=\"18\" height=\"18\" rx=\"2\" ry=\"2\"\/><circle cx=\"8.5\" cy=\"8.5\" r=\"1.5\"\/><polyline points=\"21 15 16 10 5 21\"\/><\/svg><\/span><span class=\"kt-svg-icon-list-text\"><a href=\"https:\/\/www.flickr.com\/photos\/kadetten-burgdorf\/albums\/72177720334794303\" target=\"_blank\" rel=\"noreferrer noopener\">Fotos Enteli-Rennen 2026<\/a><\/span><\/li>\n\n\n<style>.kt-svg-icon-list-item-3232_6cfcd8-ea .kt-svg-icon-list-text mark.kt-highlight{background-color:unset;font-style:normal;color:#f76a0c;-webkit-box-decoration-break:clone;box-decoration-break:clone;padding-top:0px;padding-right:0px;padding-bottom:0px;padding-left:0px;}<\/style>\n<li class=\"wp-block-kadence-listitem kt-svg-icon-list-item-wrap kt-svg-icon-list-item-3232_6cfcd8-ea\"><span class=\"kb-svg-icon-wrap kb-svg-icon-fe_image kt-svg-icon-list-single\"><svg viewBox=\"0 0 24 24\"  fill=\"none\" stroke=\"currentColor\" stroke-width=\"2\" stroke-linecap=\"round\" stroke-linejoin=\"round\" xmlns=\"http:\/\/www.w3.org\/2000\/svg\"  aria-hidden=\"true\"><rect x=\"3\" y=\"3\" width=\"18\" height=\"18\" rx=\"2\" ry=\"2\"\/><circle cx=\"8.5\" cy=\"8.5\" r=\"1.5\"\/><polyline points=\"21 15 16 10 5 21\"\/><\/svg><\/span><span class=\"kt-svg-icon-list-text\"><a href=\"https:\/\/www.flickr.com\/photos\/kadetten-burgdorf\/albums\/72177720334778547\" target=\"_blank\" rel=\"noreferrer noopener\">Fotos Zapfenstreich 2026<\/a><\/span><\/li>\n\n\n<style>.kt-svg-icon-list-item-3232_96ae02-98 .kt-svg-icon-list-text mark.kt-highlight{background-color:unset;font-style:normal;color:#f76a0c;-webkit-box-decoration-break:clone;box-decoration-break:clone;padding-top:0px;padding-right:0px;padding-bottom:0px;padding-left:0px;}<\/style>\n<li class=\"wp-block-kadence-listitem kt-svg-icon-list-item-wrap kt-svg-icon-list-item-3232_96ae02-98\"><span class=\"kb-svg-icon-wrap kb-svg-icon-fe_image kt-svg-icon-list-single\"><svg viewBox=\"0 0 24 24\"  fill=\"none\" stroke=\"currentColor\" stroke-width=\"2\" stroke-linecap=\"round\" stroke-linejoin=\"round\" xmlns=\"http:\/\/www.w3.org\/2000\/svg\"  aria-hidden=\"true\"><rect x=\"3\" y=\"3\" width=\"18\" height=\"18\" rx=\"2\" ry=\"2\"\/><circle cx=\"8.5\" cy=\"8.5\" r=\"1.5\"\/><polyline points=\"21 15 16 10 5 21\"\/><\/svg><\/span><span class=\"kt-svg-icon-list-text\"><a href=\"https:\/\/www.flickr.com\/photos\/kadetten-burgdorf\/albums\/72177720334802624\" target=\"_blank\" rel=\"noreferrer noopener\">Fotos Sol\u00e4tte 2026<\/a><\/span><\/li>\n\n\n<style>.kt-svg-icon-list-item-3232_fa3ae2-63 .kt-svg-icon-list-text mark.kt-highlight{background-color:unset;font-style:normal;color:#f76a0c;-webkit-box-decoration-break:clone;box-decoration-break:clone;padding-top:0px;padding-right:0px;padding-bottom:0px;padding-left:0px;}<\/style>\n<li class=\"wp-block-kadence-listitem kt-svg-icon-list-item-wrap kt-svg-icon-list-item-3232_fa3ae2-63\"><span class=\"kb-svg-icon-wrap kb-svg-icon-fe_image kt-svg-icon-list-single\"><svg viewBox=\"0 0 24 24\"  fill=\"none\" stroke=\"currentColor\" stroke-width=\"2\" stroke-linecap=\"round\" stroke-linejoin=\"round\" xmlns=\"http:\/\/www.w3.org\/2000\/svg\"  aria-hidden=\"true\"><rect x=\"3\" y=\"3\" width=\"18\" height=\"18\" rx=\"2\" ry=\"2\"\/><circle cx=\"8.5\" cy=\"8.5\" r=\"1.5\"\/><polyline points=\"21 15 16 10 5 21\"\/><\/svg><\/span><span class=\"kt-svg-icon-list-text\"><a href=\"https:\/\/www.flickr.com\/photos\/kadetten-burgdorf\/albums\/72177720334783386\" target=\"_blank\" rel=\"noreferrer noopener\">Fotos Kader 26\/27<\/a><\/span><\/li>\n<\/ul><\/div>\n\n\n\n<p class=\"wp-block-paragraph\"><\/p>\n","protected":false},"excerpt":{"rendered":"<p>Wieder einmal zeigte sich das Wetter beim Enteli-Rennen, am Zapfenstreich und an der Sol\u00e4tte von seiner besten Seite. Nur w\u00e4hrend &#8230; <\/p>\n<p class=\"read-more-container\"><a title=\"Sol\u00e4tte 2026\" class=\"read-more button\" href=\"https:\/\/www.kadetten-burgdorf.ch\/website\/?p=3232#more-3232\" aria-label=\"Mehr Informationen \u00fcber Sol\u00e4tte 2026\">WEITERLESEN<\/a><\/p>\n","protected":false},"author":12,"featured_media":6979,"comment_status":"closed","ping_status":"closed","sticky":false,"template":"","format":"standard","meta":{"generate_page_header":"","_jetpack_newsletter_access":"","_jetpack_dont_email_post_to_subs":false,"_jetpack_newsletter_tier_id":0,"_jetpack_memberships_contains_paywalled_content":false,"_jetpack_feature_clip_id":0,"_jetpack_memberships_contains_paid_content":false,"footnotes":"","jetpack_post_was_ever_published":false},"categories":[76,75],"tags":[],"class_list":["post-3232","post","type-post","status-publish","format-standard","has-post-thumbnail","hentry","category-news","category-top-news","masonry-post","generate-columns","tablet-grid-50","mobile-grid-100","grid-parent","grid-50","no-featured-image-padding"],"jetpack_shortlink":"https:\/\/wp.me\/p2pfNG-Q8","jetpack_sharing_enabled":true,"jetpack_featured_media_url":"https:\/\/www.kadetten-burgdorf.ch\/website\/wp-content\/uploads\/Solaette-2026-1800x1013-1.jpg","_links":{"self":[{"href":"https:\/\/www.kadetten-burgdorf.ch\/website\/index.php?rest_route=\/wp\/v2\/posts\/3232","targetHints":{"allow":["GET"]}}],"collection":[{"href":"https:\/\/www.kadetten-burgdorf.ch\/website\/index.php?rest_route=\/wp\/v2\/posts"}],"about":[{"href":"https:\/\/www.kadetten-burgdorf.ch\/website\/index.php?rest_route=\/wp\/v2\/types\/post"}],"author":[{"embeddable":true,"href":"https:\/\/www.kadetten-burgdorf.ch\/website\/index.php?rest_route=\/wp\/v2\/users\/12"}],"replies":[{"embeddable":true,"href":"https:\/\/www.kadetten-burgdorf.ch\/website\/index.php?rest_route=%2Fwp%2Fv2%2Fcomments&post=3232"}],"version-history":[{"count":41,"href":"https:\/\/www.kadetten-burgdorf.ch\/website\/index.php?rest_route=\/wp\/v2\/posts\/3232\/revisions"}],"predecessor-version":[{"id":6980,"href":"https:\/\/www.kadetten-burgdorf.ch\/website\/index.php?rest_route=\/wp\/v2\/posts\/3232\/revisions\/6980"}],"wp:featuredmedia":[{"embeddable":true,"href":"https:\/\/www.kadetten-burgdorf.ch\/website\/index.php?rest_route=\/wp\/v2\/media\/6979"}],"wp:attachment":[{"href":"https:\/\/www.kadetten-burgdorf.ch\/website\/index.php?rest_route=%2Fwp%2Fv2%2Fmedia&parent=3232"}],"wp:term":[{"taxonomy":"category","embeddable":true,"href":"https:\/\/www.kadetten-burgdorf.ch\/website\/index.php?rest_route=%2Fwp%2Fv2%2Fcategories&post=3232"},{"taxonomy":"post_tag","embeddable":true,"href":"https:\/\/www.kadetten-burgdorf.ch\/website\/index.php?rest_route=%2Fwp%2Fv2%2Ftags&post=3232"}],"curies":[{"name":"wp","href":"https:\/\/api.w.org\/{rel}","templated":true}]}}